{"id":817,"date":"2025-09-01T13:37:08","date_gmt":"2025-09-01T13:37:08","guid":{"rendered":"https:\/\/asainstitut.ba\/najava-gtech-finalna-konferencija\/"},"modified":"2025-09-15T13:43:14","modified_gmt":"2025-09-15T13:43:14","slug":"najava-gtech-finalna-konferencija","status":"publish","type":"post","link":"https:\/\/asainstitut.ba\/bs\/najava-gtech-finalna-konferencija\/","title":{"rendered":"Najava &#8211; GTECH Finalna konferencija"},"content":{"rendered":"<p>Nakon dvije godine inovacija, Erasmus+ projekat GTECH &#8211; Green Tech Entrepreneurship Challenge Hub (GTECH) ulazi u zavr\u0161nu fazu!<br \/>\n29. septembra 2025. u Sarajevu bi\u0107e predstavljeni rezultati i iskustva koja su oblikovala novu poveznicu izme\u0111u obrazovanja i industrije kroz zelene tehnologije.<\/p>\n<p>\ud83d\udc49Link za registraciju: <a href=\"https:\/\/luma.com\/o1jp29ds\" target=\"_blank\" rel=\"noopener\">https:\/\/luma.com\/o1jp29ds<\/a><\/p>\n<p><img loading=\"lazy\" decoding=\"async\" class=\"aligncenter size-full wp-image-810\" src=\"https:\/\/asainstitut.ba\/wp-content\/uploads\/2025\/07\/Gtech-Finalna-konferencija.jpg\" alt=\"\" width=\"1290\" height=\"1281\" srcset=\"https:\/\/asainstitut.ba\/wp-content\/uploads\/2025\/07\/Gtech-Finalna-konferencija.jpg 1290w, https:\/\/asainstitut.ba\/wp-content\/uploads\/2025\/07\/Gtech-Finalna-konferencija-300x298.jpg 300w, https:\/\/asainstitut.ba\/wp-content\/uploads\/2025\/07\/Gtech-Finalna-konferencija-1024x1017.jpg 1024w, https:\/\/asainstitut.ba\/wp-content\/uploads\/2025\/07\/Gtech-Finalna-konferencija-150x150.jpg 150w, https:\/\/asainstitut.ba\/wp-content\/uploads\/2025\/07\/Gtech-Finalna-konferencija-768x763.jpg 768w\" sizes=\"auto, (max-width: 1290px) 100vw, 1290px\" \/>Tokom GTECH projekta:<\/p>\n<p>\u2705Razvijena je inovativna platforma Challenge Hub za u\u010denje zasnovano na izazovima,<br \/>\n\u2705U takmi\u010denjima je u\u010destvovalo 270 u\u010denika iz 15 \u0161kola, uz podr\u0161ku 12 industrijskih partnera,<br \/>\n\u2705Odr\u017eane su me\u0111unarodne obuke za 30 nastavnika u Sloveniji i Hrvatskoj,<br \/>\n\u2705Iskustva su predstavljena na Post Mobility konferenciji u Sarajevu uz preko 90 u\u010desnika iz 24 \u0161kole.<\/p>\n<p>GTECH spaja obrazovanje i industriju, razvija vje\u0161tine za zelenu ekonomiju i podsti\u010de inovacije me\u0111u mladima u BiH.<br \/>\nPartneri projekta: Smion International Burch University FabLab B&amp;H GEA College Srednja ekonomska \u0161kola, Sarajevo Elektrostrojarska \u0161kola Vara\u017edin<br \/>\nFinansijski podr\u017eano od strane Evropske komisije.<\/p>\n","protected":false},"excerpt":{"rendered":"<p>Nakon dvije godine inovacija, Erasmus+ projekat GTECH \u2013 Green Tech Entrepreneurship Challenge Hub (GTECH) ulazi u zavr\u0161nu fazu! 29. septembra 2025. u Sarajevu bi\u0107e predstavljeni rezultati i iskustva koja su oblikovala novu poveznicu izme\u0111u obrazovanja i industrije kroz zelene tehnologije. <\/p>\n","protected":false},"author":1,"featured_media":815,"comment_status":"closed","ping_status":"closed","sticky":false,"template":"","format":"standard","meta":{"footnotes":""},"categories":[5],"tags":[],"class_list":["post-817","post","type-post","status-publish","format-standard","has-post-thumbnail","hentry","category-novosti"],"yoast_head":"<!-- This site is optimized with the Yoast SEO plugin v27.3 - https:\/\/yoast.com\/product\/yoast-seo-wordpress\/ -->\n<title>Najava - GTECH Finalna konferencija - ASA Institute<\/title>\n<meta name=\"robots\" content=\"index, follow, max-snippet:-1, max-image-preview:large, max-video-preview:-1\" \/>\n<link rel=\"canonical\" href=\"https:\/\/asainstitut.ba\/bs\/najava-gtech-finalna-konferencija\/\" \/>\n<meta property=\"og:locale\" content=\"bs_BA\" \/>\n<meta property=\"og:type\" content=\"article\" \/>\n<meta property=\"og:title\" content=\"Najava - GTECH Finalna konferencija - ASA Institute\" \/>\n<meta property=\"og:description\" content=\"Nakon dvije godine inovacija, Erasmus+ projekat GTECH \u2013 Green Tech Entrepreneurship Challenge Hub (GTECH) ulazi u zavr\u0161nu fazu! 29. septembra 2025. u Sarajevu bi\u0107e predstavljeni rezultati i iskustva koja su oblikovala novu poveznicu izme\u0111u obrazovanja i industrije kroz zelene tehnologije.\" \/>\n<meta property=\"og:url\" content=\"https:\/\/asainstitut.ba\/bs\/najava-gtech-finalna-konferencija\/\" \/>\n<meta property=\"og:site_name\" content=\"ASA Institute\" \/>\n<meta property=\"article:published_time\" content=\"2025-09-01T13:37:08+00:00\" \/>\n<meta property=\"article:modified_time\" content=\"2025-09-15T13:43:14+00:00\" \/>\n<meta property=\"og:image\" content=\"https:\/\/asainstitut.ba\/wp-content\/uploads\/2025\/09\/Gtech-Finalna-konferencija-.jpg\" \/>\n\t<meta property=\"og:image:width\" content=\"1571\" \/>\n\t<meta property=\"og:image:height\" content=\"1080\" \/>\n\t<meta property=\"og:image:type\" content=\"image\/jpeg\" \/>\n<meta name=\"author\" content=\"admin\" \/>\n<meta name=\"twitter:card\" content=\"summary_large_image\" \/>\n<meta name=\"twitter:label1\" content=\"Written by\" \/>\n\t<meta name=\"twitter:data1\" content=\"admin\" \/>\n\t<meta name=\"twitter:label2\" content=\"Est. reading time\" \/>\n\t<meta name=\"twitter:data2\" content=\"1 minuta\" \/>\n<script type=\"application\/ld+json\" class=\"yoast-schema-graph\">{\"@context\":\"https:\\\/\\\/schema.org\",\"@graph\":[{\"@type\":\"Article\",\"@id\":\"https:\\\/\\\/asainstitut.ba\\\/bs\\\/najava-gtech-finalna-konferencija\\\/#article\",\"isPartOf\":{\"@id\":\"https:\\\/\\\/asainstitut.ba\\\/bs\\\/najava-gtech-finalna-konferencija\\\/\"},\"author\":{\"name\":\"admin\",\"@id\":\"https:\\\/\\\/asainstitut.ba\\\/#\\\/schema\\\/person\\\/cee438fae5002383eaa994e71b24a9a6\"},\"headline\":\"Najava &#8211; GTECH Finalna konferencija\",\"datePublished\":\"2025-09-01T13:37:08+00:00\",\"dateModified\":\"2025-09-15T13:43:14+00:00\",\"mainEntityOfPage\":{\"@id\":\"https:\\\/\\\/asainstitut.ba\\\/bs\\\/najava-gtech-finalna-konferencija\\\/\"},\"wordCount\":159,\"image\":{\"@id\":\"https:\\\/\\\/asainstitut.ba\\\/bs\\\/najava-gtech-finalna-konferencija\\\/#primaryimage\"},\"thumbnailUrl\":\"https:\\\/\\\/asainstitut.ba\\\/wp-content\\\/uploads\\\/2025\\\/09\\\/Gtech-Finalna-konferencija-.jpg\",\"articleSection\":[\"Novosti\"],\"inLanguage\":\"bs-BA\"},{\"@type\":\"WebPage\",\"@id\":\"https:\\\/\\\/asainstitut.ba\\\/bs\\\/najava-gtech-finalna-konferencija\\\/\",\"url\":\"https:\\\/\\\/asainstitut.ba\\\/bs\\\/najava-gtech-finalna-konferencija\\\/\",\"name\":\"Najava - GTECH Finalna konferencija - ASA Institute\",\"isPartOf\":{\"@id\":\"https:\\\/\\\/asainstitut.ba\\\/#website\"},\"primaryImageOfPage\":{\"@id\":\"https:\\\/\\\/asainstitut.ba\\\/bs\\\/najava-gtech-finalna-konferencija\\\/#primaryimage\"},\"image\":{\"@id\":\"https:\\\/\\\/asainstitut.ba\\\/bs\\\/najava-gtech-finalna-konferencija\\\/#primaryimage\"},\"thumbnailUrl\":\"https:\\\/\\\/asainstitut.ba\\\/wp-content\\\/uploads\\\/2025\\\/09\\\/Gtech-Finalna-konferencija-.jpg\",\"datePublished\":\"2025-09-01T13:37:08+00:00\",\"dateModified\":\"2025-09-15T13:43:14+00:00\",\"author\":{\"@id\":\"https:\\\/\\\/asainstitut.ba\\\/#\\\/schema\\\/person\\\/cee438fae5002383eaa994e71b24a9a6\"},\"breadcrumb\":{\"@id\":\"https:\\\/\\\/asainstitut.ba\\\/bs\\\/najava-gtech-finalna-konferencija\\\/#breadcrumb\"},\"inLanguage\":\"bs-BA\",\"potentialAction\":[{\"@type\":\"ReadAction\",\"target\":[\"https:\\\/\\\/asainstitut.ba\\\/bs\\\/najava-gtech-finalna-konferencija\\\/\"]}]},{\"@type\":\"ImageObject\",\"inLanguage\":\"bs-BA\",\"@id\":\"https:\\\/\\\/asainstitut.ba\\\/bs\\\/najava-gtech-finalna-konferencija\\\/#primaryimage\",\"url\":\"https:\\\/\\\/asainstitut.ba\\\/wp-content\\\/uploads\\\/2025\\\/09\\\/Gtech-Finalna-konferencija-.jpg\",\"contentUrl\":\"https:\\\/\\\/asainstitut.ba\\\/wp-content\\\/uploads\\\/2025\\\/09\\\/Gtech-Finalna-konferencija-.jpg\",\"width\":1571,\"height\":1080,\"caption\":\"Gtech Finalna konferencija-\"},{\"@type\":\"BreadcrumbList\",\"@id\":\"https:\\\/\\\/asainstitut.ba\\\/bs\\\/najava-gtech-finalna-konferencija\\\/#breadcrumb\",\"itemListElement\":[{\"@type\":\"ListItem\",\"position\":1,\"name\":\"Home\",\"item\":\"https:\\\/\\\/asainstitut.ba\\\/bs\\\/\"},{\"@type\":\"ListItem\",\"position\":2,\"name\":\"Najava &#8211; GTECH Finalna konferencija\"}]},{\"@type\":\"WebSite\",\"@id\":\"https:\\\/\\\/asainstitut.ba\\\/#website\",\"url\":\"https:\\\/\\\/asainstitut.ba\\\/\",\"name\":\"ASA Institute\",\"description\":\"Sarajevo, BiH\",\"potentialAction\":[{\"@type\":\"SearchAction\",\"target\":{\"@type\":\"EntryPoint\",\"urlTemplate\":\"https:\\\/\\\/asainstitut.ba\\\/?s={search_term_string}\"},\"query-input\":{\"@type\":\"PropertyValueSpecification\",\"valueRequired\":true,\"valueName\":\"search_term_string\"}}],\"inLanguage\":\"bs-BA\"},{\"@type\":\"Person\",\"@id\":\"https:\\\/\\\/asainstitut.ba\\\/#\\\/schema\\\/person\\\/cee438fae5002383eaa994e71b24a9a6\",\"name\":\"admin\",\"sameAs\":[\"https:\\\/\\\/asainstitut.ba\"],\"url\":\"https:\\\/\\\/asainstitut.ba\\\/bs\\\/author\\\/enes_admin\\\/\"}]}<\/script>\n<!-- \/ Yoast SEO plugin. -->","yoast_head_json":{"title":"Najava - GTECH Finalna konferencija - ASA Institute","robots":{"index":"index","follow":"follow","max-snippet":"max-snippet:-1","max-image-preview":"max-image-preview:large","max-video-preview":"max-video-preview:-1"},"canonical":"https:\/\/asainstitut.ba\/bs\/najava-gtech-finalna-konferencija\/","og_locale":"bs_BA","og_type":"article","og_title":"Najava - GTECH Finalna konferencija - ASA Institute","og_description":"Nakon dvije godine inovacija, Erasmus+ projekat GTECH \u2013 Green Tech Entrepreneurship Challenge Hub (GTECH) ulazi u zavr\u0161nu fazu! 29. septembra 2025. u Sarajevu bi\u0107e predstavljeni rezultati i iskustva koja su oblikovala novu poveznicu izme\u0111u obrazovanja i industrije kroz zelene tehnologije.","og_url":"https:\/\/asainstitut.ba\/bs\/najava-gtech-finalna-konferencija\/","og_site_name":"ASA Institute","article_published_time":"2025-09-01T13:37:08+00:00","article_modified_time":"2025-09-15T13:43:14+00:00","og_image":[{"width":1571,"height":1080,"url":"https:\/\/asainstitut.ba\/wp-content\/uploads\/2025\/09\/Gtech-Finalna-konferencija-.jpg","type":"image\/jpeg"}],"author":"admin","twitter_card":"summary_large_image","twitter_misc":{"Written by":"admin","Est. reading time":"1 minuta"},"schema":{"@context":"https:\/\/schema.org","@graph":[{"@type":"Article","@id":"https:\/\/asainstitut.ba\/bs\/najava-gtech-finalna-konferencija\/#article","isPartOf":{"@id":"https:\/\/asainstitut.ba\/bs\/najava-gtech-finalna-konferencija\/"},"author":{"name":"admin","@id":"https:\/\/asainstitut.ba\/#\/schema\/person\/cee438fae5002383eaa994e71b24a9a6"},"headline":"Najava &#8211; GTECH Finalna konferencija","datePublished":"2025-09-01T13:37:08+00:00","dateModified":"2025-09-15T13:43:14+00:00","mainEntityOfPage":{"@id":"https:\/\/asainstitut.ba\/bs\/najava-gtech-finalna-konferencija\/"},"wordCount":159,"image":{"@id":"https:\/\/asainstitut.ba\/bs\/najava-gtech-finalna-konferencija\/#primaryimage"},"thumbnailUrl":"https:\/\/asainstitut.ba\/wp-content\/uploads\/2025\/09\/Gtech-Finalna-konferencija-.jpg","articleSection":["Novosti"],"inLanguage":"bs-BA"},{"@type":"WebPage","@id":"https:\/\/asainstitut.ba\/bs\/najava-gtech-finalna-konferencija\/","url":"https:\/\/asainstitut.ba\/bs\/najava-gtech-finalna-konferencija\/","name":"Najava - GTECH Finalna konferencija - ASA Institute","isPartOf":{"@id":"https:\/\/asainstitut.ba\/#website"},"primaryImageOfPage":{"@id":"https:\/\/asainstitut.ba\/bs\/najava-gtech-finalna-konferencija\/#primaryimage"},"image":{"@id":"https:\/\/asainstitut.ba\/bs\/najava-gtech-finalna-konferencija\/#primaryimage"},"thumbnailUrl":"https:\/\/asainstitut.ba\/wp-content\/uploads\/2025\/09\/Gtech-Finalna-konferencija-.jpg","datePublished":"2025-09-01T13:37:08+00:00","dateModified":"2025-09-15T13:43:14+00:00","author":{"@id":"https:\/\/asainstitut.ba\/#\/schema\/person\/cee438fae5002383eaa994e71b24a9a6"},"breadcrumb":{"@id":"https:\/\/asainstitut.ba\/bs\/najava-gtech-finalna-konferencija\/#breadcrumb"},"inLanguage":"bs-BA","potentialAction":[{"@type":"ReadAction","target":["https:\/\/asainstitut.ba\/bs\/najava-gtech-finalna-konferencija\/"]}]},{"@type":"ImageObject","inLanguage":"bs-BA","@id":"https:\/\/asainstitut.ba\/bs\/najava-gtech-finalna-konferencija\/#primaryimage","url":"https:\/\/asainstitut.ba\/wp-content\/uploads\/2025\/09\/Gtech-Finalna-konferencija-.jpg","contentUrl":"https:\/\/asainstitut.ba\/wp-content\/uploads\/2025\/09\/Gtech-Finalna-konferencija-.jpg","width":1571,"height":1080,"caption":"Gtech Finalna konferencija-"},{"@type":"BreadcrumbList","@id":"https:\/\/asainstitut.ba\/bs\/najava-gtech-finalna-konferencija\/#breadcrumb","itemListElement":[{"@type":"ListItem","position":1,"name":"Home","item":"https:\/\/asainstitut.ba\/bs\/"},{"@type":"ListItem","position":2,"name":"Najava &#8211; GTECH Finalna konferencija"}]},{"@type":"WebSite","@id":"https:\/\/asainstitut.ba\/#website","url":"https:\/\/asainstitut.ba\/","name":"ASA Institute","description":"Sarajevo, BiH","potentialAction":[{"@type":"SearchAction","target":{"@type":"EntryPoint","urlTemplate":"https:\/\/asainstitut.ba\/?s={search_term_string}"},"query-input":{"@type":"PropertyValueSpecification","valueRequired":true,"valueName":"search_term_string"}}],"inLanguage":"bs-BA"},{"@type":"Person","@id":"https:\/\/asainstitut.ba\/#\/schema\/person\/cee438fae5002383eaa994e71b24a9a6","name":"admin","sameAs":["https:\/\/asainstitut.ba"],"url":"https:\/\/asainstitut.ba\/bs\/author\/enes_admin\/"}]}},"_links":{"self":[{"href":"https:\/\/asainstitut.ba\/bs\/wp-json\/wp\/v2\/posts\/817","targetHints":{"allow":["GET"]}}],"collection":[{"href":"https:\/\/asainstitut.ba\/bs\/wp-json\/wp\/v2\/posts"}],"about":[{"href":"https:\/\/asainstitut.ba\/bs\/wp-json\/wp\/v2\/types\/post"}],"author":[{"embeddable":true,"href":"https:\/\/asainstitut.ba\/bs\/wp-json\/wp\/v2\/users\/1"}],"replies":[{"embeddable":true,"href":"https:\/\/asainstitut.ba\/bs\/wp-json\/wp\/v2\/comments?post=817"}],"version-history":[{"count":2,"href":"https:\/\/asainstitut.ba\/bs\/wp-json\/wp\/v2\/posts\/817\/revisions"}],"predecessor-version":[{"id":819,"href":"https:\/\/asainstitut.ba\/bs\/wp-json\/wp\/v2\/posts\/817\/revisions\/819"}],"wp:featuredmedia":[{"embeddable":true,"href":"https:\/\/asainstitut.ba\/bs\/wp-json\/wp\/v2\/media\/815"}],"wp:attachment":[{"href":"https:\/\/asainstitut.ba\/bs\/wp-json\/wp\/v2\/media?parent=817"}],"wp:term":[{"taxonomy":"category","embeddable":true,"href":"https:\/\/asainstitut.ba\/bs\/wp-json\/wp\/v2\/categories?post=817"},{"taxonomy":"post_tag","embeddable":true,"href":"https:\/\/asainstitut.ba\/bs\/wp-json\/wp\/v2\/tags?post=817"}],"curies":[{"name":"wp","href":"https:\/\/api.w.org\/{rel}","templated":true}]}}