{"id":836,"date":"2025-09-22T18:49:54","date_gmt":"2025-09-22T18:49:54","guid":{"rendered":"https:\/\/asainstitut.ba\/?p=836"},"modified":"2025-09-23T07:01:23","modified_gmt":"2025-09-23T07:01:23","slug":"asa-medical-grupa-bit-ce-najveci-privatni-zdravstveni-sistem-u-bosni-i-hercegovini","status":"publish","type":"post","link":"https:\/\/asainstitut.ba\/bs\/asa-medical-grupa-bit-ce-najveci-privatni-zdravstveni-sistem-u-bosni-i-hercegovini\/","title":{"rendered":"Po\u010detak integracije: ASA MEDICAL Grupa bit \u0107e najve\u0107i privatni zdravstveni sistem u Bosni i Hercegovini"},"content":{"rendered":"<div class=\"wpb-content-wrapper\"><p>[vc_row][vc_column][vc_column_text]ASA Bolnica, Eurofarm Poliklinike i ASA Institut zapo\u010deli su proces integracije u okviru ASA MEDICAL Grupe, \u010dime se uspostavlja najve\u0107i privatni zdravstveni sistem u Bosni i Hercegovini.<\/p>\n<p><img loading=\"lazy\" decoding=\"async\" class=\"aligncenter size-full wp-image-838\" src=\"https:\/\/asainstitut.ba\/wp-content\/uploads\/2025\/09\/ASA-Medical-Group.jpg\" alt=\"\" width=\"1200\" height=\"601\" srcset=\"https:\/\/asainstitut.ba\/wp-content\/uploads\/2025\/09\/ASA-Medical-Group.jpg 1200w, https:\/\/asainstitut.ba\/wp-content\/uploads\/2025\/09\/ASA-Medical-Group-300x150.jpg 300w, https:\/\/asainstitut.ba\/wp-content\/uploads\/2025\/09\/ASA-Medical-Group-1024x513.jpg 1024w, https:\/\/asainstitut.ba\/wp-content\/uploads\/2025\/09\/ASA-Medical-Group-768x385.jpg 768w\" sizes=\"auto, (max-width: 1200px) 100vw, 1200px\" \/><\/p>\n<p>ASA MEDICAL Grupa \u0107e pacijentima ponuditi potpuno integrisan model zdravstvene za\u0161tite &#8211; od prevencije i dijagnostike, preko specijalisti\u010dkih i terapijskih usluga, pa sve do naprednih bolni\u010dkih procedura. Pacijenti \u0107e na ovaj na\u010din imati kontinuitet pra\u0107enje i sistemski pristup medicinskim uslugama, bez fragmentacije izme\u0111u primarne, specijalisti\u010dke i bolni\u010dke zdravstvene za\u0161tite.<\/p>\n<p><img loading=\"lazy\" decoding=\"async\" class=\"aligncenter size-full wp-image-840\" src=\"https:\/\/asainstitut.ba\/wp-content\/uploads\/2025\/09\/ASA-Medical-Group-1.jpg\" alt=\"\" width=\"936\" height=\"624\" srcset=\"https:\/\/asainstitut.ba\/wp-content\/uploads\/2025\/09\/ASA-Medical-Group-1.jpg 936w, https:\/\/asainstitut.ba\/wp-content\/uploads\/2025\/09\/ASA-Medical-Group-1-300x200.jpg 300w, https:\/\/asainstitut.ba\/wp-content\/uploads\/2025\/09\/ASA-Medical-Group-1-768x512.jpg 768w\" sizes=\"auto, (max-width: 936px) 100vw, 936px\" \/><\/p>\n<p>&#8220;Osnivanjem ASA Medical Grupe objedinjujemo rad na\u0161ih bolnica i poliklinika pod jedinstvenom vizijom: da postanemo vode\u0107a zdravstvena mre\u017ea u Bosni i Hercegovini i na Balkanu. Posve\u0107eni smo pru\u017eanju zdravstvene za\u0161tite svjetskog nivoa, partnerstvu s javnim zdravstvenim sistemom i razvoju strate\u0161kih privatnih saradnji kako bismo pro\u0161irili dostupnost usluga te uveli i dodatne inovacije. Kroz ASA Institut unaprijedit \u0107emo istra\u017eivanja, klini\u010dke studije i medicinu zasnovanu na dokazima, osiguravaju\u0107i da na\u0161a zdravstvena njega uvijek bude i humana i nau\u010dno utemeljena&#8221;, izjavio je dr. Mohamad Hamade, izvr\u0161ni predsjednik i CEO Grupe.<\/p>\n<p><img loading=\"lazy\" decoding=\"async\" class=\"aligncenter size-full wp-image-842\" src=\"https:\/\/asainstitut.ba\/wp-content\/uploads\/2025\/09\/Mohamad-Hamade-izvrsni-predsjednik-i-CEO-ASA-Medical-Grupe.jpg\" alt=\"\" width=\"936\" height=\"624\" srcset=\"https:\/\/asainstitut.ba\/wp-content\/uploads\/2025\/09\/Mohamad-Hamade-izvrsni-predsjednik-i-CEO-ASA-Medical-Grupe.jpg 936w, https:\/\/asainstitut.ba\/wp-content\/uploads\/2025\/09\/Mohamad-Hamade-izvrsni-predsjednik-i-CEO-ASA-Medical-Grupe-300x200.jpg 300w, https:\/\/asainstitut.ba\/wp-content\/uploads\/2025\/09\/Mohamad-Hamade-izvrsni-predsjednik-i-CEO-ASA-Medical-Grupe-768x512.jpg 768w\" sizes=\"auto, (max-width: 936px) 100vw, 936px\" \/><\/p>\n<p>ASA Bolnica, sa fokusom na iskustvo pacijenta, predano\u0161\u0107u kvalitetu i sigurnosti, vrhunskom stru\u010dno\u0161\u0107u kadra te tehnolo\u0161kom opremljeno\u0161\u0107u, predstavlja model uspjeha i izvrsnosti u zdravstvenom sektoru Bosne i Hercegovine i regije.<\/p>\n<p>&#8220;Kao prva doma\u0107a privatna op\u0107a bolnica, ponosni smo \u0161to na\u0161oj zajednici pru\u017eamo globalne standarde izvrsnosti, istovremeno unapre\u0111uju\u0107i zdravlje i dobrobit populacije. Na\u0161 cilj je privu\u0107i najbolje ljekare i kontinuirano podizati ljestvicu kvaliteta&#8221;, izjavio je doc. dr. Azur Tulumovi\u0107, direktor ASA Bolnice.<\/p>\n<p><img loading=\"lazy\" decoding=\"async\" class=\"aligncenter size-full wp-image-844\" src=\"https:\/\/asainstitut.ba\/wp-content\/uploads\/2025\/09\/Azur-Tulumovic-direktor-ASA-Bolnice.jpg\" alt=\"Azur Tulumovic - direktor ASA Bolnice\" width=\"936\" height=\"624\" srcset=\"https:\/\/asainstitut.ba\/wp-content\/uploads\/2025\/09\/Azur-Tulumovic-direktor-ASA-Bolnice.jpg 936w, https:\/\/asainstitut.ba\/wp-content\/uploads\/2025\/09\/Azur-Tulumovic-direktor-ASA-Bolnice-300x200.jpg 300w, https:\/\/asainstitut.ba\/wp-content\/uploads\/2025\/09\/Azur-Tulumovic-direktor-ASA-Bolnice-768x512.jpg 768w\" sizes=\"auto, (max-width: 936px) 100vw, 936px\" \/><\/p>\n<p>Mre\u017ea Eurofarm Centara, s podru\u017enicama na devet lokacija (laboratorije i poliklinike), omogu\u0107ava jednostavan i efikasan pristup uslugama ASA MEDICAL Grupe.<\/p>\n<p>Emir Seleskovi\u0107, direktor Eurofarm Poliklinike, izrazio je zadovoljstvo zbog ovog projekta, koji podi\u017ee nivo zdravstvene za\u0161tite u cijeloj Bosni i Hercegovini.<\/p>\n<p><img loading=\"lazy\" decoding=\"async\" class=\"aligncenter size-full wp-image-846\" src=\"https:\/\/asainstitut.ba\/wp-content\/uploads\/2025\/09\/Emir-Seleskovic-direktor-Eurofarm-Poliklinike.jpg\" alt=\"Emir Seleskovic - direktor Eurofarm Poliklinike\" width=\"936\" height=\"624\" srcset=\"https:\/\/asainstitut.ba\/wp-content\/uploads\/2025\/09\/Emir-Seleskovic-direktor-Eurofarm-Poliklinike.jpg 936w, https:\/\/asainstitut.ba\/wp-content\/uploads\/2025\/09\/Emir-Seleskovic-direktor-Eurofarm-Poliklinike-300x200.jpg 300w, https:\/\/asainstitut.ba\/wp-content\/uploads\/2025\/09\/Emir-Seleskovic-direktor-Eurofarm-Poliklinike-768x512.jpg 768w\" sizes=\"auto, (max-width: 936px) 100vw, 936px\" \/><\/p>\n<p>&#8220;Eurofarm je dugo vremena sticao povjerenje pacijenata kroz svoju mre\u017eu \u0161irom zemlje. Integracija s ASA Bolnicom prirodan je sljede\u0107i korak, jer osigurava kontinuitet brige, od konsultacija pa sve do slo\u017eenih bolni\u010dkih procedura, pod jednim krovom&#8221;, kazao je Seleskovi\u0107.<\/p>\n<p>Pokretanje ASA MEDICAL Grupe obilje\u017eeno je prvim zajedni\u010dkim sastankom medicinskih timova ASA Bolnice i Eurofarma u ASA Institutu u Sarajevu. U narednom periodu planirane su dodatne aktivnosti kako bi ovaj projekat ispunio svoju misiju i omogu\u0107io gra\u0111anima Bosne i Hercegovine, ali i regije, kompletnu i jedinstvenu medicinsku za\u0161titu na jednom mjestu.<\/p>\n<p>(https:\/\/www.klix.ba\/)[\/vc_column_text][\/vc_column][\/vc_row][vc_row][vc_column][vc_column_text]<\/p>\n<p>(https:\/\/klix.ba)[\/vc_column_text][\/vc_column][\/vc_row]<\/p>\n<\/div>","protected":false},"excerpt":{"rendered":"<p>ASA Bolnica, Eurofarm Poliklinike i ASA Institut zapo\u010deli su proces integracije u okviru ASA MEDICAL Grupe, \u010dime se uspostavlja najve\u0107i privatni zdravstveni sistem u Bosni i Hercegovini.<\/p>\n","protected":false},"author":1,"featured_media":849,"comment_status":"closed","ping_status":"closed","sticky":false,"template":"","format":"standard","meta":{"footnotes":""},"categories":[5],"tags":[],"class_list":["post-836","post","type-post","status-publish","format-standard","has-post-thumbnail","hentry","category-novosti"],"yoast_head":"<!-- This site is optimized with the Yoast SEO plugin v27.3 - https:\/\/yoast.com\/product\/yoast-seo-wordpress\/ -->\n<title>Po\u010detak integracije: ASA MEDICAL Grupa bit \u0107e najve\u0107i privatni zdravstveni sistem u Bosni i Hercegovini - ASA Institute<\/title>\n<meta name=\"robots\" content=\"index, follow, max-snippet:-1, max-image-preview:large, max-video-preview:-1\" \/>\n<link rel=\"canonical\" href=\"https:\/\/asainstitut.ba\/bs\/asa-medical-grupa-bit-ce-najveci-privatni-zdravstveni-sistem-u-bosni-i-hercegovini\/\" \/>\n<meta property=\"og:locale\" content=\"bs_BA\" \/>\n<meta property=\"og:type\" content=\"article\" \/>\n<meta property=\"og:title\" content=\"Po\u010detak integracije: ASA MEDICAL Grupa bit \u0107e najve\u0107i privatni zdravstveni sistem u Bosni i Hercegovini - ASA Institute\" \/>\n<meta property=\"og:description\" content=\"ASA Bolnica, Eurofarm Poliklinike i ASA Institut zapo\u010deli su proces integracije u okviru ASA MEDICAL Grupe, \u010dime se uspostavlja najve\u0107i privatni zdravstveni sistem u Bosni i Hercegovini.\" \/>\n<meta property=\"og:url\" content=\"https:\/\/asainstitut.ba\/bs\/asa-medical-grupa-bit-ce-najveci-privatni-zdravstveni-sistem-u-bosni-i-hercegovini\/\" \/>\n<meta property=\"og:site_name\" content=\"ASA Institute\" \/>\n<meta property=\"article:published_time\" content=\"2025-09-22T18:49:54+00:00\" \/>\n<meta property=\"article:modified_time\" content=\"2025-09-23T07:01:23+00:00\" \/>\n<meta property=\"og:image\" content=\"https:\/\/asainstitut.ba\/wp-content\/uploads\/2025\/09\/ASA-Medical-Group-2.jpg\" \/>\n\t<meta property=\"og:image:width\" content=\"1571\" \/>\n\t<meta property=\"og:image:height\" content=\"1080\" \/>\n\t<meta property=\"og:image:type\" content=\"image\/jpeg\" \/>\n<meta name=\"author\" content=\"admin\" \/>\n<meta name=\"twitter:card\" content=\"summary_large_image\" \/>\n<meta name=\"twitter:label1\" content=\"Written by\" \/>\n\t<meta name=\"twitter:data1\" content=\"admin\" \/>\n\t<meta name=\"twitter:label2\" content=\"Est. reading time\" \/>\n\t<meta name=\"twitter:data2\" content=\"3 minute\" \/>\n<script type=\"application\/ld+json\" class=\"yoast-schema-graph\">{\"@context\":\"https:\\\/\\\/schema.org\",\"@graph\":[{\"@type\":\"Article\",\"@id\":\"https:\\\/\\\/asainstitut.ba\\\/bs\\\/asa-medical-grupa-bit-ce-najveci-privatni-zdravstveni-sistem-u-bosni-i-hercegovini\\\/#article\",\"isPartOf\":{\"@id\":\"https:\\\/\\\/asainstitut.ba\\\/bs\\\/asa-medical-grupa-bit-ce-najveci-privatni-zdravstveni-sistem-u-bosni-i-hercegovini\\\/\"},\"author\":{\"name\":\"admin\",\"@id\":\"https:\\\/\\\/asainstitut.ba\\\/#\\\/schema\\\/person\\\/cee438fae5002383eaa994e71b24a9a6\"},\"headline\":\"Po\u010detak integracije: ASA MEDICAL Grupa bit \u0107e najve\u0107i privatni zdravstveni sistem u Bosni i Hercegovini\",\"datePublished\":\"2025-09-22T18:49:54+00:00\",\"dateModified\":\"2025-09-23T07:01:23+00:00\",\"mainEntityOfPage\":{\"@id\":\"https:\\\/\\\/asainstitut.ba\\\/bs\\\/asa-medical-grupa-bit-ce-najveci-privatni-zdravstveni-sistem-u-bosni-i-hercegovini\\\/\"},\"wordCount\":467,\"image\":{\"@id\":\"https:\\\/\\\/asainstitut.ba\\\/bs\\\/asa-medical-grupa-bit-ce-najveci-privatni-zdravstveni-sistem-u-bosni-i-hercegovini\\\/#primaryimage\"},\"thumbnailUrl\":\"https:\\\/\\\/asainstitut.ba\\\/wp-content\\\/uploads\\\/2025\\\/09\\\/ASA-Medical-Group-2.jpg\",\"articleSection\":[\"Novosti\"],\"inLanguage\":\"bs-BA\"},{\"@type\":\"WebPage\",\"@id\":\"https:\\\/\\\/asainstitut.ba\\\/bs\\\/asa-medical-grupa-bit-ce-najveci-privatni-zdravstveni-sistem-u-bosni-i-hercegovini\\\/\",\"url\":\"https:\\\/\\\/asainstitut.ba\\\/bs\\\/asa-medical-grupa-bit-ce-najveci-privatni-zdravstveni-sistem-u-bosni-i-hercegovini\\\/\",\"name\":\"Po\u010detak integracije: ASA MEDICAL Grupa bit \u0107e najve\u0107i privatni zdravstveni sistem u Bosni i Hercegovini - ASA Institute\",\"isPartOf\":{\"@id\":\"https:\\\/\\\/asainstitut.ba\\\/#website\"},\"primaryImageOfPage\":{\"@id\":\"https:\\\/\\\/asainstitut.ba\\\/bs\\\/asa-medical-grupa-bit-ce-najveci-privatni-zdravstveni-sistem-u-bosni-i-hercegovini\\\/#primaryimage\"},\"image\":{\"@id\":\"https:\\\/\\\/asainstitut.ba\\\/bs\\\/asa-medical-grupa-bit-ce-najveci-privatni-zdravstveni-sistem-u-bosni-i-hercegovini\\\/#primaryimage\"},\"thumbnailUrl\":\"https:\\\/\\\/asainstitut.ba\\\/wp-content\\\/uploads\\\/2025\\\/09\\\/ASA-Medical-Group-2.jpg\",\"datePublished\":\"2025-09-22T18:49:54+00:00\",\"dateModified\":\"2025-09-23T07:01:23+00:00\",\"author\":{\"@id\":\"https:\\\/\\\/asainstitut.ba\\\/#\\\/schema\\\/person\\\/cee438fae5002383eaa994e71b24a9a6\"},\"breadcrumb\":{\"@id\":\"https:\\\/\\\/asainstitut.ba\\\/bs\\\/asa-medical-grupa-bit-ce-najveci-privatni-zdravstveni-sistem-u-bosni-i-hercegovini\\\/#breadcrumb\"},\"inLanguage\":\"bs-BA\",\"potentialAction\":[{\"@type\":\"ReadAction\",\"target\":[\"https:\\\/\\\/asainstitut.ba\\\/bs\\\/asa-medical-grupa-bit-ce-najveci-privatni-zdravstveni-sistem-u-bosni-i-hercegovini\\\/\"]}]},{\"@type\":\"ImageObject\",\"inLanguage\":\"bs-BA\",\"@id\":\"https:\\\/\\\/asainstitut.ba\\\/bs\\\/asa-medical-grupa-bit-ce-najveci-privatni-zdravstveni-sistem-u-bosni-i-hercegovini\\\/#primaryimage\",\"url\":\"https:\\\/\\\/asainstitut.ba\\\/wp-content\\\/uploads\\\/2025\\\/09\\\/ASA-Medical-Group-2.jpg\",\"contentUrl\":\"https:\\\/\\\/asainstitut.ba\\\/wp-content\\\/uploads\\\/2025\\\/09\\\/ASA-Medical-Group-2.jpg\",\"width\":1571,\"height\":1080,\"caption\":\"ASA Medical Group\"},{\"@type\":\"BreadcrumbList\",\"@id\":\"https:\\\/\\\/asainstitut.ba\\\/bs\\\/asa-medical-grupa-bit-ce-najveci-privatni-zdravstveni-sistem-u-bosni-i-hercegovini\\\/#breadcrumb\",\"itemListElement\":[{\"@type\":\"ListItem\",\"position\":1,\"name\":\"Home\",\"item\":\"https:\\\/\\\/asainstitut.ba\\\/bs\\\/\"},{\"@type\":\"ListItem\",\"position\":2,\"name\":\"Po\u010detak integracije: ASA MEDICAL Grupa bit \u0107e najve\u0107i privatni zdravstveni sistem u Bosni i Hercegovini\"}]},{\"@type\":\"WebSite\",\"@id\":\"https:\\\/\\\/asainstitut.ba\\\/#website\",\"url\":\"https:\\\/\\\/asainstitut.ba\\\/\",\"name\":\"ASA Institute\",\"description\":\"Sarajevo, BiH\",\"potentialAction\":[{\"@type\":\"SearchAction\",\"target\":{\"@type\":\"EntryPoint\",\"urlTemplate\":\"https:\\\/\\\/asainstitut.ba\\\/?s={search_term_string}\"},\"query-input\":{\"@type\":\"PropertyValueSpecification\",\"valueRequired\":true,\"valueName\":\"search_term_string\"}}],\"inLanguage\":\"bs-BA\"},{\"@type\":\"Person\",\"@id\":\"https:\\\/\\\/asainstitut.ba\\\/#\\\/schema\\\/person\\\/cee438fae5002383eaa994e71b24a9a6\",\"name\":\"admin\",\"sameAs\":[\"https:\\\/\\\/asainstitut.ba\"],\"url\":\"https:\\\/\\\/asainstitut.ba\\\/bs\\\/author\\\/enes_admin\\\/\"}]}<\/script>\n<!-- \/ Yoast SEO plugin. -->","yoast_head_json":{"title":"Po\u010detak integracije: ASA MEDICAL Grupa bit \u0107e najve\u0107i privatni zdravstveni sistem u Bosni i Hercegovini - ASA Institute","robots":{"index":"index","follow":"follow","max-snippet":"max-snippet:-1","max-image-preview":"max-image-preview:large","max-video-preview":"max-video-preview:-1"},"canonical":"https:\/\/asainstitut.ba\/bs\/asa-medical-grupa-bit-ce-najveci-privatni-zdravstveni-sistem-u-bosni-i-hercegovini\/","og_locale":"bs_BA","og_type":"article","og_title":"Po\u010detak integracije: ASA MEDICAL Grupa bit \u0107e najve\u0107i privatni zdravstveni sistem u Bosni i Hercegovini - ASA Institute","og_description":"ASA Bolnica, Eurofarm Poliklinike i ASA Institut zapo\u010deli su proces integracije u okviru ASA MEDICAL Grupe, \u010dime se uspostavlja najve\u0107i privatni zdravstveni sistem u Bosni i Hercegovini.","og_url":"https:\/\/asainstitut.ba\/bs\/asa-medical-grupa-bit-ce-najveci-privatni-zdravstveni-sistem-u-bosni-i-hercegovini\/","og_site_name":"ASA Institute","article_published_time":"2025-09-22T18:49:54+00:00","article_modified_time":"2025-09-23T07:01:23+00:00","og_image":[{"width":1571,"height":1080,"url":"https:\/\/asainstitut.ba\/wp-content\/uploads\/2025\/09\/ASA-Medical-Group-2.jpg","type":"image\/jpeg"}],"author":"admin","twitter_card":"summary_large_image","twitter_misc":{"Written by":"admin","Est. reading time":"3 minute"},"schema":{"@context":"https:\/\/schema.org","@graph":[{"@type":"Article","@id":"https:\/\/asainstitut.ba\/bs\/asa-medical-grupa-bit-ce-najveci-privatni-zdravstveni-sistem-u-bosni-i-hercegovini\/#article","isPartOf":{"@id":"https:\/\/asainstitut.ba\/bs\/asa-medical-grupa-bit-ce-najveci-privatni-zdravstveni-sistem-u-bosni-i-hercegovini\/"},"author":{"name":"admin","@id":"https:\/\/asainstitut.ba\/#\/schema\/person\/cee438fae5002383eaa994e71b24a9a6"},"headline":"Po\u010detak integracije: ASA MEDICAL Grupa bit \u0107e najve\u0107i privatni zdravstveni sistem u Bosni i Hercegovini","datePublished":"2025-09-22T18:49:54+00:00","dateModified":"2025-09-23T07:01:23+00:00","mainEntityOfPage":{"@id":"https:\/\/asainstitut.ba\/bs\/asa-medical-grupa-bit-ce-najveci-privatni-zdravstveni-sistem-u-bosni-i-hercegovini\/"},"wordCount":467,"image":{"@id":"https:\/\/asainstitut.ba\/bs\/asa-medical-grupa-bit-ce-najveci-privatni-zdravstveni-sistem-u-bosni-i-hercegovini\/#primaryimage"},"thumbnailUrl":"https:\/\/asainstitut.ba\/wp-content\/uploads\/2025\/09\/ASA-Medical-Group-2.jpg","articleSection":["Novosti"],"inLanguage":"bs-BA"},{"@type":"WebPage","@id":"https:\/\/asainstitut.ba\/bs\/asa-medical-grupa-bit-ce-najveci-privatni-zdravstveni-sistem-u-bosni-i-hercegovini\/","url":"https:\/\/asainstitut.ba\/bs\/asa-medical-grupa-bit-ce-najveci-privatni-zdravstveni-sistem-u-bosni-i-hercegovini\/","name":"Po\u010detak integracije: ASA MEDICAL Grupa bit \u0107e najve\u0107i privatni zdravstveni sistem u Bosni i Hercegovini - ASA Institute","isPartOf":{"@id":"https:\/\/asainstitut.ba\/#website"},"primaryImageOfPage":{"@id":"https:\/\/asainstitut.ba\/bs\/asa-medical-grupa-bit-ce-najveci-privatni-zdravstveni-sistem-u-bosni-i-hercegovini\/#primaryimage"},"image":{"@id":"https:\/\/asainstitut.ba\/bs\/asa-medical-grupa-bit-ce-najveci-privatni-zdravstveni-sistem-u-bosni-i-hercegovini\/#primaryimage"},"thumbnailUrl":"https:\/\/asainstitut.ba\/wp-content\/uploads\/2025\/09\/ASA-Medical-Group-2.jpg","datePublished":"2025-09-22T18:49:54+00:00","dateModified":"2025-09-23T07:01:23+00:00","author":{"@id":"https:\/\/asainstitut.ba\/#\/schema\/person\/cee438fae5002383eaa994e71b24a9a6"},"breadcrumb":{"@id":"https:\/\/asainstitut.ba\/bs\/asa-medical-grupa-bit-ce-najveci-privatni-zdravstveni-sistem-u-bosni-i-hercegovini\/#breadcrumb"},"inLanguage":"bs-BA","potentialAction":[{"@type":"ReadAction","target":["https:\/\/asainstitut.ba\/bs\/asa-medical-grupa-bit-ce-najveci-privatni-zdravstveni-sistem-u-bosni-i-hercegovini\/"]}]},{"@type":"ImageObject","inLanguage":"bs-BA","@id":"https:\/\/asainstitut.ba\/bs\/asa-medical-grupa-bit-ce-najveci-privatni-zdravstveni-sistem-u-bosni-i-hercegovini\/#primaryimage","url":"https:\/\/asainstitut.ba\/wp-content\/uploads\/2025\/09\/ASA-Medical-Group-2.jpg","contentUrl":"https:\/\/asainstitut.ba\/wp-content\/uploads\/2025\/09\/ASA-Medical-Group-2.jpg","width":1571,"height":1080,"caption":"ASA Medical Group"},{"@type":"BreadcrumbList","@id":"https:\/\/asainstitut.ba\/bs\/asa-medical-grupa-bit-ce-najveci-privatni-zdravstveni-sistem-u-bosni-i-hercegovini\/#breadcrumb","itemListElement":[{"@type":"ListItem","position":1,"name":"Home","item":"https:\/\/asainstitut.ba\/bs\/"},{"@type":"ListItem","position":2,"name":"Po\u010detak integracije: ASA MEDICAL Grupa bit \u0107e najve\u0107i privatni zdravstveni sistem u Bosni i Hercegovini"}]},{"@type":"WebSite","@id":"https:\/\/asainstitut.ba\/#website","url":"https:\/\/asainstitut.ba\/","name":"ASA Institute","description":"Sarajevo, BiH","potentialAction":[{"@type":"SearchAction","target":{"@type":"EntryPoint","urlTemplate":"https:\/\/asainstitut.ba\/?s={search_term_string}"},"query-input":{"@type":"PropertyValueSpecification","valueRequired":true,"valueName":"search_term_string"}}],"inLanguage":"bs-BA"},{"@type":"Person","@id":"https:\/\/asainstitut.ba\/#\/schema\/person\/cee438fae5002383eaa994e71b24a9a6","name":"admin","sameAs":["https:\/\/asainstitut.ba"],"url":"https:\/\/asainstitut.ba\/bs\/author\/enes_admin\/"}]}},"_links":{"self":[{"href":"https:\/\/asainstitut.ba\/bs\/wp-json\/wp\/v2\/posts\/836","targetHints":{"allow":["GET"]}}],"collection":[{"href":"https:\/\/asainstitut.ba\/bs\/wp-json\/wp\/v2\/posts"}],"about":[{"href":"https:\/\/asainstitut.ba\/bs\/wp-json\/wp\/v2\/types\/post"}],"author":[{"embeddable":true,"href":"https:\/\/asainstitut.ba\/bs\/wp-json\/wp\/v2\/users\/1"}],"replies":[{"embeddable":true,"href":"https:\/\/asainstitut.ba\/bs\/wp-json\/wp\/v2\/comments?post=836"}],"version-history":[{"count":2,"href":"https:\/\/asainstitut.ba\/bs\/wp-json\/wp\/v2\/posts\/836\/revisions"}],"predecessor-version":[{"id":854,"href":"https:\/\/asainstitut.ba\/bs\/wp-json\/wp\/v2\/posts\/836\/revisions\/854"}],"wp:featuredmedia":[{"embeddable":true,"href":"https:\/\/asainstitut.ba\/bs\/wp-json\/wp\/v2\/media\/849"}],"wp:attachment":[{"href":"https:\/\/asainstitut.ba\/bs\/wp-json\/wp\/v2\/media?parent=836"}],"wp:term":[{"taxonomy":"category","embeddable":true,"href":"https:\/\/asainstitut.ba\/bs\/wp-json\/wp\/v2\/categories?post=836"},{"taxonomy":"post_tag","embeddable":true,"href":"https:\/\/asainstitut.ba\/bs\/wp-json\/wp\/v2\/tags?post=836"}],"curies":[{"name":"wp","href":"https:\/\/api.w.org\/{rel}","templated":true}]}}